{"id":3823,"date":"2022-10-27T22:12:30","date_gmt":"2022-10-27T22:12:30","guid":{"rendered":"https:\/\/lauragruiz.es\/?p=3823"},"modified":"2022-10-27T23:12:01","modified_gmt":"2022-10-27T23:12:01","slug":"ser-2","status":"publish","type":"post","link":"https:\/\/lauragruiz.es\/index.php\/2022\/10\/27\/ser-2\/","title":{"rendered":"ser"},"content":{"rendered":"\t\t<div data-elementor-type=\"wp-post\" data-elementor-id=\"3823\" class=\"elementor elementor-3823\" data-elementor-post-type=\"post\">\n\t\t\t\t\t\t<section class=\"elementor-section elementor-top-section elementor-element elementor-element-19494ee elementor-section-boxed elementor-section-height-default elementor-section-height-default\" data-id=\"19494ee\" data-element_type=\"section\" data-e-type=\"section\">\n\t\t\t\t\t\t<div class=\"elementor-container elementor-column-gap-default\">\n\t\t\t\t\t<div class=\"elementor-column elementor-col-50 elementor-top-column elementor-element elementor-element-35eab328\" data-id=\"35eab328\" data-element_type=\"column\" data-e-type=\"column\">\n\t\t\t<div class=\"elementor-widget-wrap elementor-element-populated\">\n\t\t\t\t\t\t<div class=\"elementor-element elementor-element-437ac0e0 elementor-widget elementor-widget-theme-post-featured-image elementor-widget-image\" data-id=\"437ac0e0\" data-element_type=\"widget\" data-e-type=\"widget\" data-widget_type=\"theme-post-featured-image.default\">\n\t\t\t\t<div class=\"elementor-widget-container\">\n\t\t\t\t\t\t\t\t\t\t\t\t\t\t\t<img fetchpriority=\"high\" decoding=\"async\" width=\"1200\" height=\"675\" src=\"https:\/\/lauragruiz.es\/wp-content\/uploads\/2022\/10\/portada-blog-ser-uno-art-2022.jpg\" class=\"attachment-full size-full wp-image-3865\" alt=\"\" srcset=\"https:\/\/lauragruiz.es\/wp-content\/uploads\/2022\/10\/portada-blog-ser-uno-art-2022.jpg 1200w, https:\/\/lauragruiz.es\/wp-content\/uploads\/2022\/10\/portada-blog-ser-uno-art-2022-300x169.jpg 300w, https:\/\/lauragruiz.es\/wp-content\/uploads\/2022\/10\/portada-blog-ser-uno-art-2022-1024x576.jpg 1024w, https:\/\/lauragruiz.es\/wp-content\/uploads\/2022\/10\/portada-blog-ser-uno-art-2022-768x432.jpg 768w, https:\/\/lauragruiz.es\/wp-content\/uploads\/2022\/10\/portada-blog-ser-uno-art-2022-600x338.jpg 600w\" sizes=\"(max-width: 1200px) 100vw, 1200px\" \/>\t\t\t\t\t\t\t\t\t\t\t\t\t\t\t<\/div>\n\t\t\t\t<\/div>\n\t\t\t\t<div class=\"elementor-element elementor-element-6858c20 elementor-widget elementor-widget-text-editor\" data-id=\"6858c20\" data-element_type=\"widget\" data-e-type=\"widget\" data-widget_type=\"text-editor.default\">\n\t\t\t\t<div class=\"elementor-widget-container\">\n\t\t\t\t\t\t\t\t\t<p>Mientras lees las palabras de esta p\u00e1gina, eres consciente de que aparecen en tu conciencia presente, \u00bfno es as\u00ed? Tal vez seas consciente tambi\u00e9n de ciertas partes de tu cuerpo. Todas estas im\u00e1genes confirman que t\u00fa <i>eres<\/i>. No puedes decir: \u00abNo soy\u00bb. La experimentaci\u00f3n de este sentido de ser es posiblemente uno de los reconocimientos m\u00e1s b\u00e1sicos que existen. Simplemente estar aqu\u00ed, simplemente <i>ser<\/i>. Dondequiera que vayas, est\u00e1 presente esta misma sensaci\u00f3n de ser. Independientemente de lo que sientas o pienses, este \u00absentido de ser\u00bb est\u00e1 a tu disposici\u00f3n y a disposici\u00f3n de todos.<\/p><p>\u00a0<\/p><p>Si quieres mirar m\u00e1s de cerca este ser, esta \u00abcualidad-de-ser\u00bb, es posible que sientas cierta incomodidad porque tu mente no es capaz de aprehender la \u00abcualidad de ser\u00bb. La persona que crees ser intentar\u00e1 reclamarla, pero no tiene nada que ver contigo como persona. No tiene nada que ver con estar en un estado de conciencia especial. En cuanto piensas que la tienes, se escapa (aparentemente). Es como intentar agarrar una pastilla de jab\u00f3n en el agua: cuanto m\u00e1s lo intentes, m\u00e1s fracasas. Al mismo tiempo, es evidente que \u00abello\u00bb est\u00e1 aqu\u00ed mismo. La \u00abSeidad\u00bb no puede escapar, y sin embargo nunca puedes practicar \u00abc\u00f3mo simplemente ser\u00bb. \u00a1Es imposible porque ya lo est\u00e1s haciendo! Es evidente que este sentido de ser nunca est\u00e1 lejos, pues es testigo de tus pensamientos y emociones. De modo que debe estar \u00abaqu\u00ed\u00bb mismo. Ser es lo m\u00e1s que te puedes acercar, y aun as\u00ed la mente no puede atraparlo. \u00c9sta es la paradoja. \u00bfC\u00f3mo puede algo estar tan presente y disponible, y sin embargo ser incomprensible para la mente?<\/p><p>\u00a0<\/p><p>Tal vez ver\u00e1s que este ser no es algo personal, sino algo sin fronteras. \u00bfD\u00f3nde acaba? Nadie puede decirte d\u00f3nde acaba. Si no tiene fronteras, si es ilimitado, no puede haber dos; es omniabarcante. Podr\u00edamos llamarlo unicidad porque s\u00f3lo hay uno, y no puede ser dividido. Y ponemos el t\u00e9rmino Unicidad, con may\u00fascula, para destacar su naturaleza ilimitada: abarca todas las cosas de las que se es testigo. Aunque es indescriptible, puedes darle cualquier nombre que desees, como Conciencia, Seidad, lo Desconocido, la Fuente, Luz o Presencia. \u00c9ste es el <i>Testigo<\/i>del Advaita, el <i>Rostro original<\/i> del Zen, el <i>Padre<\/i> de la cristiandad, la <i>Mente de Buda<\/i> del Ch&#8217;an chino. Algunos lo llaman Shiva, Brahman, Nirvana, Dios o Esp\u00edritu. En este libro usamos la palabra <i>Ser<\/i> (o Seidad) porque suena neutra. Otros t\u00e9rminos usados aqu\u00ed son Unidad, Vida, Unicidad, Silencio, Espacio y Ello. Finalmente, los nombres o las descripciones que se usen no importan mucho. Sin embargo, algunos t\u00e9rminos \u2014especialmente los religiosos\u2014 pueden ser muy confusos, porque la mente cree que puede poner<i>lo<\/i> en un marco espec\u00edfico y de ese modo asir<i>lo<\/i>. O puedes creer que sabes de qu\u00e9 est\u00e1s hablando porque entiendes el significado de las palabras. Sin embargo, tu cerebro y tus sentidos no pueden observar esta Conciencia, m\u00e1s bien es Conciencia viendo Conciencia. Luz reconociendo Luz. Vida reflejando Vida. Seidad viendo Seidad. Y Seidad es todo lo que hay. No hay nada fuera de ella.<\/p><p>\u00a0<\/p><p>Cuando reconoces que eres inherentemente este Ser interminable, que t\u00fa <i>eres<\/i> este Espacio sin fronteras, la lucha por encontrar, o incluso por sentir el Ser, cesa autom\u00e1ticamente. \u00bfD\u00f3nde tendr\u00edas que ir a buscarlo si est\u00e1 por todas partes? Y tomando conciencia de eso, ya no tienes sensaci\u00f3n de tener que ser diferente de lo que eres en el momento actual. Tambi\u00e9n inviertes menos en culpabilidad y lamentos, y dependes menos de la esperanza o del prop\u00f3sito. Es el fin de la relaci\u00f3n sujeto-objeto. Es el final de la creencia de que eres un buscador que tiene que alcanzar un estado superior.<\/p><p>La p\u00e9rdida del condicionamiento y de las creencias permite que la vida fluya de manera natural. El sentido de actuaci\u00f3n individual se cae. Sin embargo, las cosas (aparentemente) siguen haci\u00e9ndose. Como en un r\u00edo de monta\u00f1a, el agua simplemente fluye. Cuando encuentra una piedra en su camino, el agua la circunda y sigue adelante. Permites que todo siga su curso, aunque no se produce ning\u00fan proceso de permitir. Podr\u00edas decir que, a nivel espiritual, ya no importa nada, y sin embargo no hay sensaci\u00f3n de desapego o indiferencia. Simplemente queda claro que no hay nada religioso o espiritual que uno tenga que hacer para expresar el Ser, y al mismo tiempo todo es posible. Nada queda excluido. Todas las cosas (y las personas) pueden ser como son. Esto puede sonar como una libertad infinita, pero no hay persona alguna que pueda reivindicar esa libertad. Ya no hay apego a las expectativas espirituales o a los c\u00f3digos morales religiosos. Cuando se ve la Unidad, todos los juegos de la mente buscadora se contemplan como asuntos marginales. Se permite que todo siga su camino, y se reconoce que esto es lo que ha venido ocurriendo en todo momento. Todas las cosas ya est\u00e1n siguiendo su curso.<\/p><p>\u00a0<\/p><p>Buscar la Unidad no es como un rompecabezas que tengas que resolver, en el que tomas todas las diferentes piezas y tratas de resolverlo. Es justo lo contrario. La comprensi\u00f3n b\u00e1sica es que el \u00abt\u00fa\u00bb que necesita resolver el rompecabezas es un fantasma. Cuando se abandona la posici\u00f3n central del \u00abt\u00fa\u00bb, queda un \u00abestar de acuerdo\u00bb suave, una observaci\u00f3n l\u00edquida de lo que se presenta en la vida. Cuando reconoces tu verdadera naturaleza como Ser, cuando la Unidad es todo lo que hay, puede haber una adaptabilidad fluida porque la inversi\u00f3n en un plan personal se vuelve menos Importante. Cuanto m\u00e1s se reconoce este Ser por lo que es, m\u00e1s te das cuenta de lo normal que es simplemente <i>ser<\/i>. No es que t\u00fa reconozcas el Ser, no es un logro personal, no es un proceso gradual que tengas que seguir, simplemente el Ser reconoce al Ser. Para el \u00abyo\u00bb que generalmente crees ser es imposible imagin\u00e1rselo. Simplemente se trata de ser sin ning\u00fan sentido de que las cosas podr\u00edan haber sido diferentes de lo que son. Es tan simple como eso. Para eso no tienes que aquietar la mente, pues eres la quietud misma. Y esta quietud permite que surjan en ella todo tipo de ruidos, del mismo modo que el espacio permite que surjan en \u00e9l todo tipo de objetos.<\/p><p>\u00a0<\/p><p><em>Extracto del libro \u00abEsto Es Ello\u00bb de <strong>Jan Kersschot.<\/strong> (Gulaab, 2006)<\/em><\/p><footer><\/footer>\t\t\t\t\t\t\t\t<\/div>\n\t\t\t\t<\/div>\n\t\t\t\t\t<\/div>\n\t\t<\/div>\n\t\t\t\t<div class=\"elementor-column elementor-col-50 elementor-top-column elementor-element elementor-element-15fc4ca1\" data-id=\"15fc4ca1\" data-element_type=\"column\" data-e-type=\"column\">\n\t\t\t<div class=\"elementor-widget-wrap elementor-element-populated\">\n\t\t\t\t\t\t<section class=\"elementor-section elementor-inner-section elementor-element elementor-element-31bdb4d8 elementor-section-boxed elementor-section-height-default elementor-section-height-default\" data-id=\"31bdb4d8\" data-element_type=\"section\" data-e-type=\"section\">\n\t\t\t\t\t\t<div class=\"elementor-container elementor-column-gap-default\">\n\t\t\t\t\t<div class=\"elementor-column elementor-col-50 elementor-inner-column elementor-element elementor-element-654669cf\" data-id=\"654669cf\" data-element_type=\"column\" data-e-type=\"column\">\n\t\t\t<div class=\"elementor-widget-wrap elementor-element-populated\">\n\t\t\t\t\t\t<div class=\"elementor-element elementor-element-7f8d5f90 elementor-widget elementor-widget-heading\" data-id=\"7f8d5f90\" data-element_type=\"widget\" data-e-type=\"widget\" data-widget_type=\"heading.default\">\n\t\t\t\t<div class=\"elementor-widget-container\">\n\t\t\t\t\t<h2 class=\"elementor-heading-title elementor-size-default\">Compartir:<\/h2>\t\t\t\t<\/div>\n\t\t\t\t<\/div>\n\t\t\t\t\t<\/div>\n\t\t<\/div>\n\t\t\t\t<div class=\"elementor-column elementor-col-50 elementor-inner-column elementor-element elementor-element-b043725\" data-id=\"b043725\" data-element_type=\"column\" data-e-type=\"column\">\n\t\t\t<div class=\"elementor-widget-wrap elementor-element-populated\">\n\t\t\t\t\t\t<div class=\"elementor-element elementor-element-31e8c35c elementor-icon-list--layout-inline elementor-align-end elementor-mobile-align-center elementor-list-item-link-full_width elementor-widget elementor-widget-icon-list\" data-id=\"31e8c35c\" data-element_type=\"widget\" data-e-type=\"widget\" data-widget_type=\"icon-list.default\">\n\t\t\t\t<div class=\"elementor-widget-container\">\n\t\t\t\t\t\t\t<ul class=\"elementor-icon-list-items elementor-inline-items\">\n\t\t\t\t\t\t\t<li class=\"elementor-icon-list-item elementor-inline-item\">\n\t\t\t\t\t\t\t\t\t\t\t<span class=\"elementor-icon-list-icon\">\n\t\t\t\t\t\t\t<i aria-hidden=\"true\" class=\"fab fa-facebook-f\"><\/i>\t\t\t\t\t\t<\/span>\n\t\t\t\t\t\t\t\t\t\t<span class=\"elementor-icon-list-text\"><\/span>\n\t\t\t\t\t\t\t\t\t<\/li>\n\t\t\t\t\t\t\t\t<li class=\"elementor-icon-list-item elementor-inline-item\">\n\t\t\t\t\t\t\t\t\t\t\t<span class=\"elementor-icon-list-icon\">\n\t\t\t\t\t\t\t<i aria-hidden=\"true\" class=\"fab fa-twitter\"><\/i>\t\t\t\t\t\t<\/span>\n\t\t\t\t\t\t\t\t\t\t<span class=\"elementor-icon-list-text\"><\/span>\n\t\t\t\t\t\t\t\t\t<\/li>\n\t\t\t\t\t\t\t\t<li class=\"elementor-icon-list-item elementor-inline-item\">\n\t\t\t\t\t\t\t\t\t\t\t<span class=\"elementor-icon-list-icon\">\n\t\t\t\t\t\t\t<i aria-hidden=\"true\" class=\"fab fa-linkedin-in\"><\/i>\t\t\t\t\t\t<\/span>\n\t\t\t\t\t\t\t\t\t\t<span class=\"elementor-icon-list-text\"><\/span>\n\t\t\t\t\t\t\t\t\t<\/li>\n\t\t\t\t\t\t<\/ul>\n\t\t\t\t\t\t<\/div>\n\t\t\t\t<\/div>\n\t\t\t\t\t<\/div>\n\t\t<\/div>\n\t\t\t\t\t<\/div>\n\t\t<\/section>\n\t\t\t\t<div class=\"elementor-element elementor-element-56dcaebb elementor-widget elementor-widget-heading\" data-id=\"56dcaebb\" data-element_type=\"widget\" data-e-type=\"widget\" data-widget_type=\"heading.default\">\n\t\t\t\t<div class=\"elementor-widget-container\">\n\t\t\t\t\t<h2 class=\"elementor-heading-title elementor-size-default\"><a href=\"https:\/\/lauragruiz.es\/index.php\/seruno-art\/\">M\u00e1s articulos<\/a><\/h2>\t\t\t\t<\/div>\n\t\t\t\t<\/div>\n\t\t\t\t<div class=\"elementor-element elementor-element-2b7a8a66 elementor-grid-1 elementor-posts--thumbnail-left elementor-grid-tablet-2 elementor-grid-mobile-1 elementor-widget elementor-widget-posts\" data-id=\"2b7a8a66\" data-element_type=\"widget\" data-e-type=\"widget\" data-settings=\"{&quot;classic_columns&quot;:&quot;1&quot;,&quot;classic_columns_tablet&quot;:&quot;2&quot;,&quot;classic_columns_mobile&quot;:&quot;1&quot;,&quot;classic_row_gap&quot;:{&quot;unit&quot;:&quot;px&quot;,&quot;size&quot;:35,&quot;sizes&quot;:[]},&quot;classic_row_gap_tablet&quot;:{&quot;unit&quot;:&quot;px&quot;,&quot;size&quot;:&quot;&quot;,&quot;sizes&quot;:[]},&quot;classic_row_gap_mobile&quot;:{&quot;unit&quot;:&quot;px&quot;,&quot;size&quot;:&quot;&quot;,&quot;sizes&quot;:[]}}\" data-widget_type=\"posts.classic\">\n\t\t\t\t<div class=\"elementor-widget-container\">\n\t\t\t\t\t\t\t<div class=\"elementor-posts-container elementor-posts elementor-posts--skin-classic elementor-grid\">\n\t\t\t\t<article class=\"elementor-post elementor-grid-item post-3839 post type-post status-publish format-standard has-post-thumbnail hentry category-seruno-art category-nodualidad tag-nodualidad tag-ser\">\n\t\t\t\t<a class=\"elementor-post__thumbnail__link\" href=\"https:\/\/lauragruiz.es\/index.php\/2022\/10\/27\/arte\/\" tabindex=\"-1\" >\n\t\t\t<div class=\"elementor-post__thumbnail\"><img decoding=\"async\" width=\"300\" height=\"200\" src=\"https:\/\/lauragruiz.es\/wp-content\/uploads\/2021\/12\/web-300x200.jpg\" class=\"attachment-medium size-medium wp-image-896\" alt=\"\" srcset=\"https:\/\/lauragruiz.es\/wp-content\/uploads\/2021\/12\/web-300x200.jpg 300w, https:\/\/lauragruiz.es\/wp-content\/uploads\/2021\/12\/web-600x400.jpg 600w, https:\/\/lauragruiz.es\/wp-content\/uploads\/2021\/12\/web-1024x683.jpg 1024w, https:\/\/lauragruiz.es\/wp-content\/uploads\/2021\/12\/web-768x512.jpg 768w, https:\/\/lauragruiz.es\/wp-content\/uploads\/2021\/12\/web-1536x1025.jpg 1536w, https:\/\/lauragruiz.es\/wp-content\/uploads\/2021\/12\/web.jpg 1800w\" sizes=\"(max-width: 300px) 100vw, 300px\" \/><\/div>\n\t\t<\/a>\n\t\t\t\t<div class=\"elementor-post__text\">\n\t\t\t\t<h3 class=\"elementor-post__title\">\n\t\t\t<a href=\"https:\/\/lauragruiz.es\/index.php\/2022\/10\/27\/arte\/\" >\n\t\t\t\tarte\t\t\t<\/a>\n\t\t<\/h3>\n\t\t\t\t<div class=\"elementor-post__excerpt\">\n\t\t\t<p>Pregunt\u00e9monos ahora por la esencia \u00faltima del arte. Es f\u00e1cil reconocer, cuando contemplamos, por ejemplo, un Van Gogh, que el arte verdadero tiene la capacidad de suspender el aliento del espectador.\u00a0 Cuando el verdadero arte impacta en nosotros &#8211; o mejor dicho, penetra en nuestro ser &#8211; nos conmociona tal vez durante un segundo o<\/p>\n\t\t<\/div>\n\t\t\t\t<\/div>\n\t\t\t\t<\/article>\n\t\t\t\t<article class=\"elementor-post elementor-grid-item post-3823 post type-post status-publish format-standard has-post-thumbnail hentry category-seruno-art category-nodualidad tag-nodualidad tag-ser\">\n\t\t\t\t<a class=\"elementor-post__thumbnail__link\" href=\"https:\/\/lauragruiz.es\/index.php\/2022\/10\/27\/ser-2\/\" tabindex=\"-1\" >\n\t\t\t<div class=\"elementor-post__thumbnail\"><img decoding=\"async\" width=\"300\" height=\"169\" src=\"https:\/\/lauragruiz.es\/wp-content\/uploads\/2022\/10\/portada-blog-ser-uno-art-2022-300x169.jpg\" class=\"attachment-medium size-medium wp-image-3865\" alt=\"\" srcset=\"https:\/\/lauragruiz.es\/wp-content\/uploads\/2022\/10\/portada-blog-ser-uno-art-2022-300x169.jpg 300w, https:\/\/lauragruiz.es\/wp-content\/uploads\/2022\/10\/portada-blog-ser-uno-art-2022-1024x576.jpg 1024w, https:\/\/lauragruiz.es\/wp-content\/uploads\/2022\/10\/portada-blog-ser-uno-art-2022-768x432.jpg 768w, https:\/\/lauragruiz.es\/wp-content\/uploads\/2022\/10\/portada-blog-ser-uno-art-2022-600x338.jpg 600w, https:\/\/lauragruiz.es\/wp-content\/uploads\/2022\/10\/portada-blog-ser-uno-art-2022.jpg 1200w\" sizes=\"(max-width: 300px) 100vw, 300px\" \/><\/div>\n\t\t<\/a>\n\t\t\t\t<div class=\"elementor-post__text\">\n\t\t\t\t<h3 class=\"elementor-post__title\">\n\t\t\t<a href=\"https:\/\/lauragruiz.es\/index.php\/2022\/10\/27\/ser-2\/\" >\n\t\t\t\tser\t\t\t<\/a>\n\t\t<\/h3>\n\t\t\t\t<div class=\"elementor-post__excerpt\">\n\t\t\t<p>Mientras lees las palabras de esta p\u00e1gina, eres consciente de que aparecen en tu conciencia presente, \u00bfno es as\u00ed? Tal vez seas consciente tambi\u00e9n de ciertas partes de tu cuerpo. Todas estas im\u00e1genes confirman que t\u00fa eres. No puedes decir: \u00abNo soy\u00bb. La experimentaci\u00f3n de este sentido de ser es posiblemente uno de los reconocimientos<\/p>\n\t\t<\/div>\n\t\t\t\t<\/div>\n\t\t\t\t<\/article>\n\t\t\t\t<article class=\"elementor-post elementor-grid-item post-2053 post type-post status-publish format-standard has-post-thumbnail hentry category-uncategorized\">\n\t\t\t\t<a class=\"elementor-post__thumbnail__link\" href=\"https:\/\/lauragruiz.es\/index.php\/2022\/05\/09\/un-viaje-a-traves-de-las-artes\/\" tabindex=\"-1\" >\n\t\t\t<div class=\"elementor-post__thumbnail\"><img loading=\"lazy\" decoding=\"async\" width=\"225\" height=\"300\" src=\"https:\/\/lauragruiz.es\/wp-content\/uploads\/2022\/03\/1011822_web-225x300.jpg\" class=\"attachment-medium size-medium wp-image-1461\" alt=\"solo en la oscuridad ver\u00e1s la luz \u00a9 laura gines ruiz\" srcset=\"https:\/\/lauragruiz.es\/wp-content\/uploads\/2022\/03\/1011822_web-225x300.jpg 225w, https:\/\/lauragruiz.es\/wp-content\/uploads\/2022\/03\/1011822_web-600x800.jpg 600w, https:\/\/lauragruiz.es\/wp-content\/uploads\/2022\/03\/1011822_web-768x1024.jpg 768w, https:\/\/lauragruiz.es\/wp-content\/uploads\/2022\/03\/1011822_web.jpg 900w\" sizes=\"(max-width: 225px) 100vw, 225px\" \/><\/div>\n\t\t<\/a>\n\t\t\t\t<div class=\"elementor-post__text\">\n\t\t\t\t<h3 class=\"elementor-post__title\">\n\t\t\t<a href=\"https:\/\/lauragruiz.es\/index.php\/2022\/05\/09\/un-viaje-a-traves-de-las-artes\/\" >\n\t\t\t\tun viaje a trav\u00e9s de las artes\t\t\t<\/a>\n\t\t<\/h3>\n\t\t\t\t<div class=\"elementor-post__excerpt\">\n\t\t\t<p>un viaje a trav\u00e9s de las artes YO: Me ha gustado mucho este viaje por el Alma de Tauro, por las Artes.&nbsp; SOY: \u00bfQu\u00e9 has sentido? YO: Muchas cosas\u2026 pero sobre todo, esa capacidad que tenemos de crear. Es infinita. A veces, en nuestro af\u00e1n de buscar la espiritualidad, nos olvidamos que lo espiritual ha<\/p>\n\t\t<\/div>\n\t\t\t\t<\/div>\n\t\t\t\t<\/article>\n\t\t\t\t<article class=\"elementor-post elementor-grid-item post-1967 post type-post status-publish format-standard has-post-thumbnail hentry category-uncategorized\">\n\t\t\t\t<a class=\"elementor-post__thumbnail__link\" href=\"https:\/\/lauragruiz.es\/index.php\/2022\/05\/09\/entre-dos-mundos\/\" tabindex=\"-1\" >\n\t\t\t<div class=\"elementor-post__thumbnail\"><img loading=\"lazy\" decoding=\"async\" width=\"200\" height=\"300\" src=\"https:\/\/lauragruiz.es\/wp-content\/uploads\/2022\/05\/blog-pelicula-entre-dos-mundos-inspiracion-lauragruiz-200x300.jpg\" class=\"attachment-medium size-medium wp-image-1969\" alt=\"\" \/><\/div>\n\t\t<\/a>\n\t\t\t\t<div class=\"elementor-post__text\">\n\t\t\t\t<h3 class=\"elementor-post__title\">\n\t\t\t<a href=\"https:\/\/lauragruiz.es\/index.php\/2022\/05\/09\/entre-dos-mundos\/\" >\n\t\t\t\tentre dos mundos\t\t\t<\/a>\n\t\t<\/h3>\n\t\t\t\t<div class=\"elementor-post__excerpt\">\n\t\t\t<p>entre dos mundos \u201cDesde que era ni\u00f1a la gente me ha dicho que veo cosas que la dem\u00e1s gente no ve. No era que mi c\u00e1mara fuera una forma de expresarme, era el medio por el que capturaba lo no visible. Pero s\u00f3lo hace poco descubr\u00ed algo a lo que estaba ciega, un fantasma. Nosotros,<\/p>\n\t\t<\/div>\n\t\t\t\t<\/div>\n\t\t\t\t<\/article>\n\t\t\t\t<\/div>\n\t\t\n\t\t\t\t\t\t<\/div>\n\t\t\t\t<\/div>\n\t\t\t\t<div class=\"elementor-element elementor-element-e31620b elementor-widget elementor-widget-text-editor\" data-id=\"e31620b\" data-element_type=\"widget\" data-e-type=\"widget\" data-widget_type=\"text-editor.default\">\n\t\t\t\t<div class=\"elementor-widget-container\">\n\t\t\t\t\t\t\t\t\t<p>M\u00e1s contenido sobre arte, fotograf\u00eda y conciencia en las redes sociales del espacio @seruno.art<\/p>\t\t\t\t\t\t\t\t<\/div>\n\t\t\t\t<\/div>\n\t\t\t\t<div class=\"elementor-element elementor-element-55b4b37 elementor-shape-rounded elementor-grid-0 e-grid-align-center elementor-widget elementor-widget-social-icons\" data-id=\"55b4b37\" data-element_type=\"widget\" data-e-type=\"widget\" data-widget_type=\"social-icons.default\">\n\t\t\t\t<div class=\"elementor-widget-container\">\n\t\t\t\t\t\t\t<div class=\"elementor-social-icons-wrapper elementor-grid\" role=\"list\">\n\t\t\t\t\t\t\t<span class=\"elementor-grid-item\" role=\"listitem\">\n\t\t\t\t\t<a class=\"elementor-icon elementor-social-icon elementor-social-icon-youtube elementor-repeater-item-29687d9\" target=\"_blank\">\n\t\t\t\t\t\t<span class=\"elementor-screen-only\">Youtube<\/span>\n\t\t\t\t\t\t<i aria-hidden=\"true\" class=\"fab fa-youtube\"><\/i>\t\t\t\t\t<\/a>\n\t\t\t\t<\/span>\n\t\t\t\t\t\t\t<span class=\"elementor-grid-item\" role=\"listitem\">\n\t\t\t\t\t<a class=\"elementor-icon elementor-social-icon elementor-social-icon-instagram elementor-repeater-item-fed0a5a\" href=\"http:\/\/www.instagram.com\/seruno.art\" target=\"_blank\">\n\t\t\t\t\t\t<span class=\"elementor-screen-only\">Instagram<\/span>\n\t\t\t\t\t\t<i aria-hidden=\"true\" class=\"fab fa-instagram\"><\/i>\t\t\t\t\t<\/a>\n\t\t\t\t<\/span>\n\t\t\t\t\t<\/div>\n\t\t\t\t\t\t<\/div>\n\t\t\t\t<\/div>\n\t\t\t\t\t<\/div>\n\t\t<\/div>\n\t\t\t\t\t<\/div>\n\t\t<\/section>\n\t\t\t\t<section class=\"elementor-section elementor-top-section elementor-element elementor-element-4c1b260 elementor-section-boxed elementor-section-height-default elementor-section-height-default\" data-id=\"4c1b260\" data-element_type=\"section\" data-e-type=\"section\">\n\t\t\t\t\t\t<div class=\"elementor-container elementor-column-gap-default\">\n\t\t\t\t\t<div class=\"elementor-column elementor-col-100 elementor-top-column elementor-element elementor-element-1bbfb2f5\" data-id=\"1bbfb2f5\" data-element_type=\"column\" data-e-type=\"column\">\n\t\t\t<div class=\"elementor-widget-wrap elementor-element-populated\">\n\t\t\t\t\t\t<div class=\"elementor-element elementor-element-4db24249 elementor-post-navigation-borders-yes elementor-widget elementor-widget-post-navigation\" data-id=\"4db24249\" data-element_type=\"widget\" data-e-type=\"widget\" data-widget_type=\"post-navigation.default\">\n\t\t\t\t<div class=\"elementor-widget-container\">\n\t\t\t\t\t\t\t<div class=\"elementor-post-navigation\">\n\t\t\t<div class=\"elementor-post-navigation__prev elementor-post-navigation__link\">\n\t\t\t\t\t\t\t<\/div>\n\t\t\t\t\t\t\t<div class=\"elementor-post-navigation__separator-wrapper\">\n\t\t\t\t\t<div class=\"elementor-post-navigation__separator\"><\/div>\n\t\t\t\t<\/div>\n\t\t\t\t\t\t<div class=\"elementor-post-navigation__next elementor-post-navigation__link\">\n\t\t\t\t<a href=\"https:\/\/lauragruiz.es\/index.php\/2022\/05\/09\/un-viaje-a-traves-de-las-artes\/\" rel=\"next\"><span class=\"elementor-post-navigation__link__next\"><span class=\"post-navigation__next--label\">Next<\/span><span class=\"post-navigation__next--title\">un viaje a trav\u00e9s de las artes<\/span><\/span><span class=\"post-navigation__arrow-wrapper post-navigation__arrow-next\"><i class=\"fa fa-angle-double-right\" aria-hidden=\"true\"><\/i><span class=\"elementor-screen-only\">Siguiente<\/span><\/span><\/a>\t\t\t<\/div>\n\t\t<\/div>\n\t\t\t\t\t\t<\/div>\n\t\t\t\t<\/div>\n\t\t\t\t\t<\/div>\n\t\t<\/div>\n\t\t\t\t\t<\/div>\n\t\t<\/section>\n\t\t\t\t<\/div>\n\t\t","protected":false},"excerpt":{"rendered":"<p>Mientras lees las palabras de esta p\u00e1gina, eres consciente de que aparecen en tu conciencia presente, \u00bfno es as\u00ed? Tal vez seas consciente tambi\u00e9n de ciertas partes de tu cuerpo. Todas estas im\u00e1genes confirman que t\u00fa eres. No puedes decir: \u00abNo soy\u00bb. La experimentaci\u00f3n de este sentido de ser es posiblemente uno de los reconocimientos &#8230; <\/p>\n<p class=\"read-more-container\"><a title=\"entre dos mundos\" class=\"read-more button\" href=\"https:\/\/lauragruiz.es\/index.php\/2022\/05\/09\/entre-dos-mundos\/#more-1967\" aria-label=\"Leer m\u00e1s sobre entre dos mundos\">Leer m\u00e1s<\/a><\/p>\n","protected":false},"author":1,"featured_media":3865,"comment_status":"closed","ping_status":"open","sticky":false,"template":"elementor_header_footer","format":"standard","meta":{"_monsterinsights_skip_tracking":false,"_monsterinsights_sitenote_active":false,"_monsterinsights_sitenote_note":"","_monsterinsights_sitenote_category":0,"ngg_post_thumbnail":0,"footnotes":""},"categories":[35,4],"tags":[36,37],"class_list":["post-3823","post","type-post","status-publish","format-standard","has-post-thumbnail","hentry","category-seruno-art","category-nodualidad","tag-nodualidad","tag-ser"],"yoast_head":"<!-- This site is optimized with the Yoast SEO plugin v25.1 - https:\/\/yoast.com\/wordpress\/plugins\/seo\/ -->\n<title>ser | seruno.art<\/title>\n<meta name=\"robots\" content=\"index, follow, max-snippet:-1, max-image-preview:large, max-video-preview:-1\" \/>\n<link rel=\"canonical\" href=\"https:\/\/lauragruiz.es\/index.php\/2022\/10\/27\/ser-2\/\" \/>\n<meta property=\"og:locale\" content=\"es_ES\" \/>\n<meta property=\"og:type\" content=\"article\" \/>\n<meta property=\"og:title\" content=\"ser | seruno.art\" \/>\n<meta property=\"og:description\" content=\"Mientras lees las palabras de esta p\u00e1gina, eres consciente de que aparecen en tu conciencia presente, \u00bfno es as\u00ed? Tal vez seas consciente tambi\u00e9n de ciertas partes de tu cuerpo. Todas estas im\u00e1genes confirman que t\u00fa eres. No puedes decir: \u00abNo soy\u00bb. La experimentaci\u00f3n de este sentido de ser es posiblemente uno de los reconocimientos ... Leer m\u00e1s\" \/>\n<meta property=\"og:url\" content=\"https:\/\/lauragruiz.es\/index.php\/2022\/10\/27\/ser-2\/\" \/>\n<meta property=\"og:site_name\" content=\"lauragruiz.es\" \/>\n<meta property=\"article:published_time\" content=\"2022-10-27T22:12:30+00:00\" \/>\n<meta property=\"article:modified_time\" content=\"2022-10-27T23:12:01+00:00\" \/>\n<meta property=\"og:image\" content=\"https:\/\/lauragruiz.es\/wp-content\/uploads\/2022\/10\/portada-blog-ser-uno-art-2022.jpg\" \/>\n\t<meta property=\"og:image:width\" content=\"1200\" \/>\n\t<meta property=\"og:image:height\" content=\"675\" \/>\n\t<meta property=\"og:image:type\" content=\"image\/jpeg\" \/>\n<meta name=\"author\" content=\"lauragruiz\" \/>\n<meta name=\"twitter:label1\" content=\"Escrito por\" \/>\n\t<meta name=\"twitter:data1\" content=\"lauragruiz\" \/>\n\t<meta name=\"twitter:label2\" content=\"Tiempo de lectura\" \/>\n\t<meta name=\"twitter:data2\" content=\"7 minutos\" \/>\n<script type=\"application\/ld+json\" class=\"yoast-schema-graph\">{\"@context\":\"https:\/\/schema.org\",\"@graph\":[{\"@type\":\"Article\",\"@id\":\"https:\/\/lauragruiz.es\/index.php\/2022\/10\/27\/ser-2\/#article\",\"isPartOf\":{\"@id\":\"https:\/\/lauragruiz.es\/index.php\/2022\/10\/27\/ser-2\/\"},\"author\":{\"name\":\"lauragruiz\",\"@id\":\"https:\/\/lauragruiz.es\/#\/schema\/person\/257dafbb316ba92e28b5057466d09536\"},\"headline\":\"ser\",\"datePublished\":\"2022-10-27T22:12:30+00:00\",\"dateModified\":\"2022-10-27T23:12:01+00:00\",\"mainEntityOfPage\":{\"@id\":\"https:\/\/lauragruiz.es\/index.php\/2022\/10\/27\/ser-2\/\"},\"wordCount\":1125,\"publisher\":{\"@id\":\"https:\/\/lauragruiz.es\/#\/schema\/person\/257dafbb316ba92e28b5057466d09536\"},\"image\":{\"@id\":\"https:\/\/lauragruiz.es\/index.php\/2022\/10\/27\/ser-2\/#primaryimage\"},\"thumbnailUrl\":\"https:\/\/lauragruiz.es\/wp-content\/uploads\/2022\/10\/portada-blog-ser-uno-art-2022.jpg\",\"keywords\":[\"nodualidad\",\"ser\"],\"articleSection\":[\"seruno.art\",\"nodualidad\"],\"inLanguage\":\"es\"},{\"@type\":\"WebPage\",\"@id\":\"https:\/\/lauragruiz.es\/index.php\/2022\/10\/27\/ser-2\/\",\"url\":\"https:\/\/lauragruiz.es\/index.php\/2022\/10\/27\/ser-2\/\",\"name\":\"ser | seruno.art\",\"isPartOf\":{\"@id\":\"https:\/\/lauragruiz.es\/#website\"},\"primaryImageOfPage\":{\"@id\":\"https:\/\/lauragruiz.es\/index.php\/2022\/10\/27\/ser-2\/#primaryimage\"},\"image\":{\"@id\":\"https:\/\/lauragruiz.es\/index.php\/2022\/10\/27\/ser-2\/#primaryimage\"},\"thumbnailUrl\":\"https:\/\/lauragruiz.es\/wp-content\/uploads\/2022\/10\/portada-blog-ser-uno-art-2022.jpg\",\"datePublished\":\"2022-10-27T22:12:30+00:00\",\"dateModified\":\"2022-10-27T23:12:01+00:00\",\"breadcrumb\":{\"@id\":\"https:\/\/lauragruiz.es\/index.php\/2022\/10\/27\/ser-2\/#breadcrumb\"},\"inLanguage\":\"es\",\"potentialAction\":[{\"@type\":\"ReadAction\",\"target\":[\"https:\/\/lauragruiz.es\/index.php\/2022\/10\/27\/ser-2\/\"]}]},{\"@type\":\"ImageObject\",\"inLanguage\":\"es\",\"@id\":\"https:\/\/lauragruiz.es\/index.php\/2022\/10\/27\/ser-2\/#primaryimage\",\"url\":\"https:\/\/lauragruiz.es\/wp-content\/uploads\/2022\/10\/portada-blog-ser-uno-art-2022.jpg\",\"contentUrl\":\"https:\/\/lauragruiz.es\/wp-content\/uploads\/2022\/10\/portada-blog-ser-uno-art-2022.jpg\",\"width\":1200,\"height\":675},{\"@type\":\"BreadcrumbList\",\"@id\":\"https:\/\/lauragruiz.es\/index.php\/2022\/10\/27\/ser-2\/#breadcrumb\",\"itemListElement\":[{\"@type\":\"ListItem\",\"position\":1,\"name\":\"Portada\",\"item\":\"https:\/\/lauragruiz.es\/\"},{\"@type\":\"ListItem\",\"position\":2,\"name\":\"ser\"}]},{\"@type\":\"WebSite\",\"@id\":\"https:\/\/lauragruiz.es\/#website\",\"url\":\"https:\/\/lauragruiz.es\/\",\"name\":\"lauragruiz.es\",\"description\":\"fotograf\u00eda y conciencia\",\"publisher\":{\"@id\":\"https:\/\/lauragruiz.es\/#\/schema\/person\/257dafbb316ba92e28b5057466d09536\"},\"potentialAction\":[{\"@type\":\"SearchAction\",\"target\":{\"@type\":\"EntryPoint\",\"urlTemplate\":\"https:\/\/lauragruiz.es\/?s={search_term_string}\"},\"query-input\":{\"@type\":\"PropertyValueSpecification\",\"valueRequired\":true,\"valueName\":\"search_term_string\"}}],\"inLanguage\":\"es\"},{\"@type\":[\"Person\",\"Organization\"],\"@id\":\"https:\/\/lauragruiz.es\/#\/schema\/person\/257dafbb316ba92e28b5057466d09536\",\"name\":\"lauragruiz\",\"image\":{\"@type\":\"ImageObject\",\"inLanguage\":\"es\",\"@id\":\"https:\/\/lauragruiz.es\/#\/schema\/person\/image\/\",\"url\":\"https:\/\/lauragruiz.es\/wp-content\/uploads\/2021\/03\/cropped-LAURAGINES-e1666111867453.png\",\"contentUrl\":\"https:\/\/lauragruiz.es\/wp-content\/uploads\/2021\/03\/cropped-LAURAGINES-e1666111867453.png\",\"width\":500,\"height\":66,\"caption\":\"lauragruiz\"},\"logo\":{\"@id\":\"https:\/\/lauragruiz.es\/#\/schema\/person\/image\/\"},\"sameAs\":[\"http:\/\/lauragruiz.es\"],\"url\":\"https:\/\/lauragruiz.es\/index.php\/author\/admin\/\"}]}<\/script>\n<!-- \/ Yoast SEO plugin. -->","yoast_head_json":{"title":"ser | seruno.art","robots":{"index":"index","follow":"follow","max-snippet":"max-snippet:-1","max-image-preview":"max-image-preview:large","max-video-preview":"max-video-preview:-1"},"canonical":"https:\/\/lauragruiz.es\/index.php\/2022\/10\/27\/ser-2\/","og_locale":"es_ES","og_type":"article","og_title":"ser | seruno.art","og_description":"Mientras lees las palabras de esta p\u00e1gina, eres consciente de que aparecen en tu conciencia presente, \u00bfno es as\u00ed? Tal vez seas consciente tambi\u00e9n de ciertas partes de tu cuerpo. Todas estas im\u00e1genes confirman que t\u00fa eres. No puedes decir: \u00abNo soy\u00bb. La experimentaci\u00f3n de este sentido de ser es posiblemente uno de los reconocimientos ... Leer m\u00e1s","og_url":"https:\/\/lauragruiz.es\/index.php\/2022\/10\/27\/ser-2\/","og_site_name":"lauragruiz.es","article_published_time":"2022-10-27T22:12:30+00:00","article_modified_time":"2022-10-27T23:12:01+00:00","og_image":[{"width":1200,"height":675,"url":"https:\/\/lauragruiz.es\/wp-content\/uploads\/2022\/10\/portada-blog-ser-uno-art-2022.jpg","type":"image\/jpeg"}],"author":"lauragruiz","twitter_misc":{"Escrito por":"lauragruiz","Tiempo de lectura":"7 minutos"},"schema":{"@context":"https:\/\/schema.org","@graph":[{"@type":"Article","@id":"https:\/\/lauragruiz.es\/index.php\/2022\/10\/27\/ser-2\/#article","isPartOf":{"@id":"https:\/\/lauragruiz.es\/index.php\/2022\/10\/27\/ser-2\/"},"author":{"name":"lauragruiz","@id":"https:\/\/lauragruiz.es\/#\/schema\/person\/257dafbb316ba92e28b5057466d09536"},"headline":"ser","datePublished":"2022-10-27T22:12:30+00:00","dateModified":"2022-10-27T23:12:01+00:00","mainEntityOfPage":{"@id":"https:\/\/lauragruiz.es\/index.php\/2022\/10\/27\/ser-2\/"},"wordCount":1125,"publisher":{"@id":"https:\/\/lauragruiz.es\/#\/schema\/person\/257dafbb316ba92e28b5057466d09536"},"image":{"@id":"https:\/\/lauragruiz.es\/index.php\/2022\/10\/27\/ser-2\/#primaryimage"},"thumbnailUrl":"https:\/\/lauragruiz.es\/wp-content\/uploads\/2022\/10\/portada-blog-ser-uno-art-2022.jpg","keywords":["nodualidad","ser"],"articleSection":["seruno.art","nodualidad"],"inLanguage":"es"},{"@type":"WebPage","@id":"https:\/\/lauragruiz.es\/index.php\/2022\/10\/27\/ser-2\/","url":"https:\/\/lauragruiz.es\/index.php\/2022\/10\/27\/ser-2\/","name":"ser | seruno.art","isPartOf":{"@id":"https:\/\/lauragruiz.es\/#website"},"primaryImageOfPage":{"@id":"https:\/\/lauragruiz.es\/index.php\/2022\/10\/27\/ser-2\/#primaryimage"},"image":{"@id":"https:\/\/lauragruiz.es\/index.php\/2022\/10\/27\/ser-2\/#primaryimage"},"thumbnailUrl":"https:\/\/lauragruiz.es\/wp-content\/uploads\/2022\/10\/portada-blog-ser-uno-art-2022.jpg","datePublished":"2022-10-27T22:12:30+00:00","dateModified":"2022-10-27T23:12:01+00:00","breadcrumb":{"@id":"https:\/\/lauragruiz.es\/index.php\/2022\/10\/27\/ser-2\/#breadcrumb"},"inLanguage":"es","potentialAction":[{"@type":"ReadAction","target":["https:\/\/lauragruiz.es\/index.php\/2022\/10\/27\/ser-2\/"]}]},{"@type":"ImageObject","inLanguage":"es","@id":"https:\/\/lauragruiz.es\/index.php\/2022\/10\/27\/ser-2\/#primaryimage","url":"https:\/\/lauragruiz.es\/wp-content\/uploads\/2022\/10\/portada-blog-ser-uno-art-2022.jpg","contentUrl":"https:\/\/lauragruiz.es\/wp-content\/uploads\/2022\/10\/portada-blog-ser-uno-art-2022.jpg","width":1200,"height":675},{"@type":"BreadcrumbList","@id":"https:\/\/lauragruiz.es\/index.php\/2022\/10\/27\/ser-2\/#breadcrumb","itemListElement":[{"@type":"ListItem","position":1,"name":"Portada","item":"https:\/\/lauragruiz.es\/"},{"@type":"ListItem","position":2,"name":"ser"}]},{"@type":"WebSite","@id":"https:\/\/lauragruiz.es\/#website","url":"https:\/\/lauragruiz.es\/","name":"lauragruiz.es","description":"fotograf\u00eda y conciencia","publisher":{"@id":"https:\/\/lauragruiz.es\/#\/schema\/person\/257dafbb316ba92e28b5057466d09536"},"potentialAction":[{"@type":"SearchAction","target":{"@type":"EntryPoint","urlTemplate":"https:\/\/lauragruiz.es\/?s={search_term_string}"},"query-input":{"@type":"PropertyValueSpecification","valueRequired":true,"valueName":"search_term_string"}}],"inLanguage":"es"},{"@type":["Person","Organization"],"@id":"https:\/\/lauragruiz.es\/#\/schema\/person\/257dafbb316ba92e28b5057466d09536","name":"lauragruiz","image":{"@type":"ImageObject","inLanguage":"es","@id":"https:\/\/lauragruiz.es\/#\/schema\/person\/image\/","url":"https:\/\/lauragruiz.es\/wp-content\/uploads\/2021\/03\/cropped-LAURAGINES-e1666111867453.png","contentUrl":"https:\/\/lauragruiz.es\/wp-content\/uploads\/2021\/03\/cropped-LAURAGINES-e1666111867453.png","width":500,"height":66,"caption":"lauragruiz"},"logo":{"@id":"https:\/\/lauragruiz.es\/#\/schema\/person\/image\/"},"sameAs":["http:\/\/lauragruiz.es"],"url":"https:\/\/lauragruiz.es\/index.php\/author\/admin\/"}]}},"_links":{"self":[{"href":"https:\/\/lauragruiz.es\/index.php\/wp-json\/wp\/v2\/posts\/3823","targetHints":{"allow":["GET"]}}],"collection":[{"href":"https:\/\/lauragruiz.es\/index.php\/wp-json\/wp\/v2\/posts"}],"about":[{"href":"https:\/\/lauragruiz.es\/index.php\/wp-json\/wp\/v2\/types\/post"}],"author":[{"embeddable":true,"href":"https:\/\/lauragruiz.es\/index.php\/wp-json\/wp\/v2\/users\/1"}],"replies":[{"embeddable":true,"href":"https:\/\/lauragruiz.es\/index.php\/wp-json\/wp\/v2\/comments?post=3823"}],"version-history":[{"count":21,"href":"https:\/\/lauragruiz.es\/index.php\/wp-json\/wp\/v2\/posts\/3823\/revisions"}],"predecessor-version":[{"id":3874,"href":"https:\/\/lauragruiz.es\/index.php\/wp-json\/wp\/v2\/posts\/3823\/revisions\/3874"}],"wp:featuredmedia":[{"embeddable":true,"href":"https:\/\/lauragruiz.es\/index.php\/wp-json\/wp\/v2\/media\/3865"}],"wp:attachment":[{"href":"https:\/\/lauragruiz.es\/index.php\/wp-json\/wp\/v2\/media?parent=3823"}],"wp:term":[{"taxonomy":"category","embeddable":true,"href":"https:\/\/lauragruiz.es\/index.php\/wp-json\/wp\/v2\/categories?post=3823"},{"taxonomy":"post_tag","embeddable":true,"href":"https:\/\/lauragruiz.es\/index.php\/wp-json\/wp\/v2\/tags?post=3823"}],"curies":[{"name":"wp","href":"https:\/\/api.w.org\/{rel}","templated":true}]}}